{"id":1826,"date":"2026-04-10T15:21:55","date_gmt":"2026-04-10T13:21:55","guid":{"rendered":"https:\/\/www.xn--entrepreneursengags-szb.fr\/?p=1826"},"modified":"2026-04-10T15:26:25","modified_gmt":"2026-04-10T13:26:25","slug":"entrepreneurs-tenir-bon-mais-ne-plus-se-taire","status":"publish","type":"post","link":"https:\/\/www.xn--entrepreneursengags-szb.fr\/index.php\/2026\/04\/10\/entrepreneurs-tenir-bon-mais-ne-plus-se-taire\/","title":{"rendered":"Entrepreneurs\u00a0: tenir bon, mais ne plus se taire"},"content":{"rendered":"\n<p><strong>Tribune<\/strong><\/p>\n\n\n\n<p>Il suffit de s\u2019arr\u00eater dans une station-service, de regarder le visage d\u2019un chauffeur de camion ou d\u2019un artisan au moment o\u00f9 il raccroche le pistolet. Ce n\u2019est pas de la col\u00e8re qu\u2019on y lit&nbsp;; c\u2019est quelque chose de plus lourd&nbsp;: l\u2019\u00e9puisement de ceux qui tiennent encore mais ne savent plus jusqu\u2019\u00e0 quand. Le gasoil \u00e0 2,30&nbsp;\u20ac, l\u2019\u00e9lectricit\u00e9 qui a doubl\u00e9 en dix ans&nbsp;: ces chiffres ne sont pas des statistiques. Ce sont les bords de la falaise o\u00f9 se tient aujourd\u2019hui une large part de notre tissu \u00e9conomique.<\/p>\n\n\n\n<p>En 2025, 70&nbsp;000 entreprises ont ferm\u00e9. En 2026, si rien ne change, ce seront 100&nbsp;000. Il n\u2019y a l\u00e0 aucune fatalit\u00e9&nbsp;: seulement l\u2019aboutissement logique de quarante ans de renoncements.<\/p>\n\n\n\n<h2 class=\"wp-block-heading\"><strong>Quarante ans de politique du ch\u00e9quier<\/strong><\/h2>\n\n\n\n<p>Je parle ici en tant qu\u2019ancien ministre. J\u2019ai \u00e9t\u00e9 dans ces couloirs, j\u2019ai vu comment fonctionne la m\u00e9canique. Et je veux \u00eatre juste&nbsp;: il y a eu, par \u00e9clairs, des hommes et des femmes de conviction qui ont su faire voter des r\u00e9formes utiles et courageuses. Mais ces moments furent trop rares, trop isol\u00e9s, trop vite \u00e9touff\u00e9s par le retour au conformisme budg\u00e9taire et \u00e0 la paix sociale achet\u00e9e.<\/p>\n\n\n\n<p>Car la tendance lourde, elle, n\u2019a pas vari\u00e9. Pendant quatre d\u00e9cennies, nos gouvernements successifs (de droite comme de gauche) ont eu pour boussole dominante la politique du ch\u00e9quier, de la subvention, de la taxe et de la norme. Non pas par b\u00eatise, mais par calcul&nbsp;: maintenir une paix sociale artificielle, acheter des votes, repousser les r\u00e9formes \u00e0 plus tard. Toujours \u00e0 plus tard. On a gouvern\u00e9 comme si la maxime d\u2019Henri Queuille \u00e9tait devenue doctrine d\u2019\u00c9tat&nbsp;: <em>\u00ab&nbsp;Il n\u2019est pas de probl\u00e8me dont une absence de solution ne finisse par venir \u00e0 bout.&nbsp;\u00bb<\/em> Sauf que l\u2019absence de solution a un co\u00fbt. Et ce co\u00fbt, aujourd\u2019hui, nous le payons comptant&nbsp;: 3&nbsp;500 milliards de dette, un d\u00e9ficit \u00e0 5&nbsp;%, une France qui arrive \u00e0 chaque crise sans aucun outil, sans aucune marge, sans aucun filet.<\/p>\n\n\n\n<p><strong>Ce n\u2019est plus un \u00c9tat en bout de course. C\u2019est un syst\u00e8me en mort clinique.<\/strong><\/p>\n\n\n\n<h2 class=\"wp-block-heading\"><strong>Le pr\u00eat \u00e0 3,8&nbsp;%&nbsp;: l\u2019\u00c9tat d\u00e9connect\u00e9<\/strong><\/h2>\n\n\n\n<p>Face \u00e0 cette crise, la r\u00e9ponse des pouvoirs publics&nbsp;? Un pr\u00eat de tr\u00e9sorerie \u00e0 3,8&nbsp;% d\u2019int\u00e9r\u00eat. Je veux m\u2019arr\u00eater sur cette proposition parce qu\u2019elle dit tout de la d\u00e9connexion entre le monde politique et le monde r\u00e9el. Un entrepreneur s\u2019endette pour investir, pour innover, pour grandir. Pas pour payer le plein de gasoil. S\u2019endetter pour survivre \u00e0 une crise \u00e9nerg\u00e9tique que l\u2019\u00c9tat n\u2019a pas su anticiper, ce n\u2019est pas une solution&nbsp;: c\u2019est une humiliation. L\u2019\u00e9conomie, c\u2019est de l\u2019\u00e9nergie transform\u00e9e par des femmes et des hommes qui prennent des risques. Quand cette \u00e9nergie explose et que la seule r\u00e9ponse publique est l\u2019endettement suppl\u00e9mentaire, on ne r\u00e8gle rien&nbsp;; on reporte, et on aggrave.<\/p>\n\n\n\n<h2 class=\"wp-block-heading\"><strong>Il est temps que les entrepreneurs p\u00e8sent<\/strong><\/h2>\n\n\n\n<p>D\u00e9j\u00e0 harcel\u00e9s de normes, de charges et d\u2019imp\u00f4ts, les entrepreneurs fran\u00e7ais (de l\u2019auto-entrepreneur \u00e0 l\u2019agriculteur, de l\u2019artisan au patron d\u2019ETI) absorbent seuls ces chocs successifs. Cela ne peut plus durer. \u00c0 tous, je dis&nbsp;: <strong>tenez bon.<\/strong> Vous \u00eates la colonne vert\u00e9brale de ce pays et sans vous, il n\u2019y a pas de salaires, pas de pouvoir d\u2019achat, pas d\u2019avenir collectif possible.<\/p>\n\n\n\n<p>Mais tenir bon ne suffit plus&nbsp;: il faut entrer dans le d\u00e9bat public, faire entendre votre voix, peser sur les choix qui engagent l\u2019avenir. Pas pour r\u00e9clamer des baisses de taxes d\u00e9magogiques non financ\u00e9es dans un pays \u00e0 3&nbsp;500 milliards de dette. Mais pour exiger une vraie refondation&nbsp;: moins de normes, moins de charges, plus de libert\u00e9 d\u2019entreprendre, une politique \u00e9nerg\u00e9tique qui cesse de traiter les entreprises comme une variable d\u2019ajustement.<\/p>\n\n\n\n<p>Cette crise montre qu\u2019on ne peut plus continuer comme cela. Nous sommes au bout. L\u2019avenir du pays ne se fera pas sans les entrepreneurs, encore moins contre eux. Qu\u2019ils en prennent conscience, maintenant.&nbsp;<\/p>\n\n\n\n<p><strong><em>Herv\u00e9 Novelli<\/em><\/strong><\/p>\n\n\n\n<p class=\"has-small-font-size\"><em>Ancien ministre d\u00e9l\u00e9gu\u00e9 au Commerce, \u00e0 l\u2019Artisanat et aux PME, entrepreneur et pr\u00e9sident fondateur du Cercle des Entrepreneurs Engag\u00e9s.<\/em><\/p>\n\n\n\n<p><\/p>\n","protected":false},"excerpt":{"rendered":"<p>Tribune Il suffit de s\u2019arr\u00eater dans une station-service, de regarder le visage d\u2019un chauffeur de camion ou d\u2019un artisan au moment o\u00f9 il raccroche le pistolet. Ce n\u2019est pas de la col\u00e8re qu\u2019on y lit&nbsp;; c\u2019est quelque chose de plus lourd&nbsp;: l\u2019\u00e9puisement de ceux qui tiennent encore mais ne savent plus jusqu\u2019\u00e0 quand. Le gasoil [&hellip;]<\/p>\n","protected":false},"author":1,"featured_media":1072,"comment_status":"open","ping_status":"open","sticky":false,"template":"","format":"standard","meta":{"give_campaign_id":0,"advanced_seo_description":"","jetpack_seo_html_title":"","jetpack_seo_noindex":false,"_jetpack_memberships_contains_paid_content":false,"footnotes":"","jetpack_publicize_message":"","jetpack_publicize_feature_enabled":true,"jetpack_social_post_already_shared":true,"jetpack_social_options":{"image_generator_settings":{"template":"highway","default_image_id":0,"font":"","enabled":false},"version":2}},"categories":[1],"tags":[],"class_list":["post-1826","post","type-post","status-publish","format-standard","has-post-thumbnail","hentry","category-uncategorized"],"jetpack_publicize_connections":[],"jetpack_featured_media_url":"https:\/\/www.xn--entrepreneursengags-szb.fr\/wp-content\/uploads\/2025\/12\/Photo-HN-2025-e1765558294725.jpeg","jetpack_sharing_enabled":true,"_links":{"self":[{"href":"https:\/\/www.xn--entrepreneursengags-szb.fr\/index.php\/wp-json\/wp\/v2\/posts\/1826","targetHints":{"allow":["GET"]}}],"collection":[{"href":"https:\/\/www.xn--entrepreneursengags-szb.fr\/index.php\/wp-json\/wp\/v2\/posts"}],"about":[{"href":"https:\/\/www.xn--entrepreneursengags-szb.fr\/index.php\/wp-json\/wp\/v2\/types\/post"}],"author":[{"embeddable":true,"href":"https:\/\/www.xn--entrepreneursengags-szb.fr\/index.php\/wp-json\/wp\/v2\/users\/1"}],"replies":[{"embeddable":true,"href":"https:\/\/www.xn--entrepreneursengags-szb.fr\/index.php\/wp-json\/wp\/v2\/comments?post=1826"}],"version-history":[{"count":4,"href":"https:\/\/www.xn--entrepreneursengags-szb.fr\/index.php\/wp-json\/wp\/v2\/posts\/1826\/revisions"}],"predecessor-version":[{"id":1831,"href":"https:\/\/www.xn--entrepreneursengags-szb.fr\/index.php\/wp-json\/wp\/v2\/posts\/1826\/revisions\/1831"}],"wp:featuredmedia":[{"embeddable":true,"href":"https:\/\/www.xn--entrepreneursengags-szb.fr\/index.php\/wp-json\/wp\/v2\/media\/1072"}],"wp:attachment":[{"href":"https:\/\/www.xn--entrepreneursengags-szb.fr\/index.php\/wp-json\/wp\/v2\/media?parent=1826"}],"wp:term":[{"taxonomy":"category","embeddable":true,"href":"https:\/\/www.xn--entrepreneursengags-szb.fr\/index.php\/wp-json\/wp\/v2\/categories?post=1826"},{"taxonomy":"post_tag","embeddable":true,"href":"https:\/\/www.xn--entrepreneursengags-szb.fr\/index.php\/wp-json\/wp\/v2\/tags?post=1826"}],"curies":[{"name":"wp","href":"https:\/\/api.w.org\/{rel}","templated":true}]}}